{"id":7751,"date":"2024-03-07T14:39:12","date_gmt":"2024-03-07T13:39:12","guid":{"rendered":"https:\/\/roche-blanche-ecole.fr\/?p=7751"},"modified":"2024-03-07T14:39:12","modified_gmt":"2024-03-07T13:39:12","slug":"sensibilisation-au-handisport","status":"publish","type":"post","link":"https:\/\/roche-blanche-ecole.fr\/?p=7751","title":{"rendered":"Sensibilisation au handisport"},"content":{"rendered":"<p>Vendredi apr\u00e8s-midi, avant les vacances, les \u00e9l\u00e8ves de la PS au CM2 ont \u00e9t\u00e9 sensibilis\u00e9s \u00e0 la pratique du handisport et au handicap moteur de mani\u00e8re plus g\u00e9n\u00e9rale. En effet, cette ann\u00e9e nous souhaitons apporter notre contribution au d\u00e9veloppement du handisport en aidant la fondation Ana\u00efs qui oeuvre \u00e0 l&rsquo;insertion des personnes en situation de handicap et notamment via le sport. Deux personnes pratiquant la boccia et leur \u00e9ducateur sportif sp\u00e9cialis\u00e9 sont donc venus nous rendre visite \u00e0 l&rsquo;\u00e9cole pour pr\u00e9senter la boccia mais aussi pour parler, librement et sans tabou, du handicap au quotidien. Un temps d&rsquo;\u00e9changes tr\u00e8s enrichissants et une exp\u00e9rience humaine \u00e9mouvante !<\/p>\n<p><a href=\"https:\/\/roche-blanche-ecole.fr\/?attachment_id=7752#main\" rel=\"attachment wp-att-7752\"><img loading=\"lazy\" decoding=\"async\" class=\"alignnone size-medium wp-image-7752\" src=\"https:\/\/roche-blanche-ecole.fr\/wp-content\/uploads\/2024\/03\/IMG_20240223_143244-300x225.jpg\" alt=\"\" width=\"300\" height=\"225\" srcset=\"https:\/\/roche-blanche-ecole.fr\/wp-content\/uploads\/2024\/03\/IMG_20240223_143244-300x225.jpg 300w, https:\/\/roche-blanche-ecole.fr\/wp-content\/uploads\/2024\/03\/IMG_20240223_143244-1024x768.jpg 1024w, https:\/\/roche-blanche-ecole.fr\/wp-content\/uploads\/2024\/03\/IMG_20240223_143244-768x576.jpg 768w, https:\/\/roche-blanche-ecole.fr\/wp-content\/uploads\/2024\/03\/IMG_20240223_143244-1536x1152.jpg 1536w, https:\/\/roche-blanche-ecole.fr\/wp-content\/uploads\/2024\/03\/IMG_20240223_143244-2048x1536.jpg 2048w\" sizes=\"(max-width: 300px) 100vw, 300px\" \/><\/a> <a href=\"https:\/\/roche-blanche-ecole.fr\/?attachment_id=7758#main\" rel=\"attachment wp-att-7758\"><img loading=\"lazy\" decoding=\"async\" class=\"alignnone size-medium wp-image-7758\" src=\"https:\/\/roche-blanche-ecole.fr\/wp-content\/uploads\/2024\/03\/IMG_20240223_140025-300x225.jpg\" alt=\"\" width=\"300\" height=\"225\" srcset=\"https:\/\/roche-blanche-ecole.fr\/wp-content\/uploads\/2024\/03\/IMG_20240223_140025-300x225.jpg 300w, https:\/\/roche-blanche-ecole.fr\/wp-content\/uploads\/2024\/03\/IMG_20240223_140025-1024x768.jpg 1024w, https:\/\/roche-blanche-ecole.fr\/wp-content\/uploads\/2024\/03\/IMG_20240223_140025-768x576.jpg 768w, https:\/\/roche-blanche-ecole.fr\/wp-content\/uploads\/2024\/03\/IMG_20240223_140025-1536x1152.jpg 1536w, https:\/\/roche-blanche-ecole.fr\/wp-content\/uploads\/2024\/03\/IMG_20240223_140025-2048x1536.jpg 2048w\" sizes=\"(max-width: 300px) 100vw, 300px\" \/><\/a> <a href=\"https:\/\/roche-blanche-ecole.fr\/?attachment_id=7755#main\" rel=\"attachment wp-att-7755\"><img loading=\"lazy\" decoding=\"async\" class=\"alignnone size-medium wp-image-7755\" src=\"https:\/\/roche-blanche-ecole.fr\/wp-content\/uploads\/2024\/03\/IMG_20240223_143223-300x225.jpg\" alt=\"\" width=\"300\" height=\"225\" srcset=\"https:\/\/roche-blanche-ecole.fr\/wp-content\/uploads\/2024\/03\/IMG_20240223_143223-300x225.jpg 300w, https:\/\/roche-blanche-ecole.fr\/wp-content\/uploads\/2024\/03\/IMG_20240223_143223-1024x768.jpg 1024w, https:\/\/roche-blanche-ecole.fr\/wp-content\/uploads\/2024\/03\/IMG_20240223_143223-768x576.jpg 768w, https:\/\/roche-blanche-ecole.fr\/wp-content\/uploads\/2024\/03\/IMG_20240223_143223-1536x1152.jpg 1536w, https:\/\/roche-blanche-ecole.fr\/wp-content\/uploads\/2024\/03\/IMG_20240223_143223-2048x1536.jpg 2048w\" sizes=\"(max-width: 300px) 100vw, 300px\" \/><\/a><\/p>\n","protected":false},"excerpt":{"rendered":"<p>Vendredi apr\u00e8s-midi, avant les vacances, les \u00e9l\u00e8ves de la PS au CM2 ont \u00e9t\u00e9 sensibilis\u00e9s \u00e0 la pratique du handisport et au handicap moteur de mani\u00e8re plus g\u00e9n\u00e9rale. En effet, cette ann\u00e9e nous souhaitons apporter notre contribution au d\u00e9veloppement du handisport en aidant la fondation Ana\u00efs qui oeuvre \u00e0 l&rsquo;insertion des personnes en situation de<\/p>\n<p><a href=\"https:\/\/roche-blanche-ecole.fr\/?p=7751\" class=\"more-link themebutton\">Read More<\/a><\/p>\n","protected":false},"author":10,"featured_media":7758,"comment_status":"closed","ping_status":"closed","sticky":false,"template":"","format":"standard","meta":{"ngg_post_thumbnail":0,"jetpack_post_was_ever_published":false,"_jetpack_newsletter_access":"","_jetpack_dont_email_post_to_subs":false,"_jetpack_newsletter_tier_id":0,"_jetpack_memberships_contains_paywalled_content":false,"footnotes":"","_jetpack_memberships_contains_paid_content":false,"jetpack_publicize_message":"","jetpack_publicize_feature_enabled":true,"jetpack_social_post_already_shared":true,"jetpack_social_options":{"image_generator_settings":{"template":"highway","enabled":false},"version":2}},"categories":[9,10,11,7,6,5],"tags":[],"jetpack_publicize_connections":[],"jetpack_featured_media_url":"https:\/\/roche-blanche-ecole.fr\/wp-content\/uploads\/2024\/03\/IMG_20240223_140025-scaled.jpg","jetpack_sharing_enabled":true,"jetpack_shortlink":"https:\/\/wp.me\/p9Fz6b-211","_links":{"self":[{"href":"https:\/\/roche-blanche-ecole.fr\/index.php?rest_route=\/wp\/v2\/posts\/7751"}],"collection":[{"href":"https:\/\/roche-blanche-ecole.fr\/index.php?rest_route=\/wp\/v2\/posts"}],"about":[{"href":"https:\/\/roche-blanche-ecole.fr\/index.php?rest_route=\/wp\/v2\/types\/post"}],"author":[{"embeddable":true,"href":"https:\/\/roche-blanche-ecole.fr\/index.php?rest_route=\/wp\/v2\/users\/10"}],"replies":[{"embeddable":true,"href":"https:\/\/roche-blanche-ecole.fr\/index.php?rest_route=%2Fwp%2Fv2%2Fcomments&post=7751"}],"version-history":[{"count":1,"href":"https:\/\/roche-blanche-ecole.fr\/index.php?rest_route=\/wp\/v2\/posts\/7751\/revisions"}],"predecessor-version":[{"id":7761,"href":"https:\/\/roche-blanche-ecole.fr\/index.php?rest_route=\/wp\/v2\/posts\/7751\/revisions\/7761"}],"wp:featuredmedia":[{"embeddable":true,"href":"https:\/\/roche-blanche-ecole.fr\/index.php?rest_route=\/wp\/v2\/media\/7758"}],"wp:attachment":[{"href":"https:\/\/roche-blanche-ecole.fr\/index.php?rest_route=%2Fwp%2Fv2%2Fmedia&parent=7751"}],"wp:term":[{"taxonomy":"category","embeddable":true,"href":"https:\/\/roche-blanche-ecole.fr\/index.php?rest_route=%2Fwp%2Fv2%2Fcategories&post=7751"},{"taxonomy":"post_tag","embeddable":true,"href":"https:\/\/roche-blanche-ecole.fr\/index.php?rest_route=%2Fwp%2Fv2%2Ftags&post=7751"}],"curies":[{"name":"wp","href":"https:\/\/api.w.org\/{rel}","templated":true}]}}