{"id":7053,"date":"2022-12-10T11:41:58","date_gmt":"2022-12-10T10:41:58","guid":{"rendered":"https:\/\/roche-blanche-ecole.fr\/?p=7053"},"modified":"2022-12-10T11:41:58","modified_gmt":"2022-12-10T10:41:58","slug":"pains-depices-pour-le-marche-de-noel","status":"publish","type":"post","link":"https:\/\/roche-blanche-ecole.fr\/?p=7053","title":{"rendered":"Pains d&rsquo;\u00e9pices pour le march\u00e9 de No\u00ebl"},"content":{"rendered":"<p>La classe de CM1\/CM2 s&rsquo;est activ\u00e9e autour des saladiers pour vous concocter de d\u00e9licieux pains d&rsquo;\u00e9pices qui seront vendus lors du march\u00e9 de No\u00ebl. Ruez-vous dessus, il n&rsquo;y en aura pas pour tout la monde ! \ud83d\ude42<\/p>\n<p><a href=\"https:\/\/roche-blanche-ecole.fr\/wp-content\/uploads\/2022\/12\/IMG_20221208_145036-scaled.jpg\"><img loading=\"lazy\" decoding=\"async\" class=\"alignnone size-medium wp-image-7056\" src=\"https:\/\/roche-blanche-ecole.fr\/wp-content\/uploads\/2022\/12\/IMG_20221208_145036-225x300.jpg\" alt=\"\" width=\"225\" height=\"300\" srcset=\"https:\/\/roche-blanche-ecole.fr\/wp-content\/uploads\/2022\/12\/IMG_20221208_145036-225x300.jpg 225w, https:\/\/roche-blanche-ecole.fr\/wp-content\/uploads\/2022\/12\/IMG_20221208_145036-768x1024.jpg 768w, https:\/\/roche-blanche-ecole.fr\/wp-content\/uploads\/2022\/12\/IMG_20221208_145036-300x400.jpg 300w, https:\/\/roche-blanche-ecole.fr\/wp-content\/uploads\/2022\/12\/IMG_20221208_145036-1152x1536.jpg 1152w, https:\/\/roche-blanche-ecole.fr\/wp-content\/uploads\/2022\/12\/IMG_20221208_145036-1536x2048.jpg 1536w, https:\/\/roche-blanche-ecole.fr\/wp-content\/uploads\/2022\/12\/IMG_20221208_145036-scaled.jpg 1920w\" sizes=\"(max-width: 225px) 100vw, 225px\" \/><\/a> <a href=\"https:\/\/roche-blanche-ecole.fr\/wp-content\/uploads\/2022\/12\/IMG_20221208_143954-scaled.jpg\"><img loading=\"lazy\" decoding=\"async\" class=\"alignnone size-medium wp-image-7060\" src=\"https:\/\/roche-blanche-ecole.fr\/wp-content\/uploads\/2022\/12\/IMG_20221208_143954-300x225.jpg\" alt=\"\" width=\"300\" height=\"225\" srcset=\"https:\/\/roche-blanche-ecole.fr\/wp-content\/uploads\/2022\/12\/IMG_20221208_143954-300x225.jpg 300w, https:\/\/roche-blanche-ecole.fr\/wp-content\/uploads\/2022\/12\/IMG_20221208_143954-1024x768.jpg 1024w, https:\/\/roche-blanche-ecole.fr\/wp-content\/uploads\/2022\/12\/IMG_20221208_143954-768x576.jpg 768w, https:\/\/roche-blanche-ecole.fr\/wp-content\/uploads\/2022\/12\/IMG_20221208_143954-1536x1152.jpg 1536w, https:\/\/roche-blanche-ecole.fr\/wp-content\/uploads\/2022\/12\/IMG_20221208_143954-2048x1536.jpg 2048w\" sizes=\"(max-width: 300px) 100vw, 300px\" \/><\/a> <a href=\"https:\/\/roche-blanche-ecole.fr\/wp-content\/uploads\/2022\/12\/IMG_20221208_135115-scaled.jpg\"><img loading=\"lazy\" decoding=\"async\" class=\"alignnone size-medium wp-image-7061\" src=\"https:\/\/roche-blanche-ecole.fr\/wp-content\/uploads\/2022\/12\/IMG_20221208_135115-300x225.jpg\" alt=\"\" width=\"300\" height=\"225\" srcset=\"https:\/\/roche-blanche-ecole.fr\/wp-content\/uploads\/2022\/12\/IMG_20221208_135115-300x225.jpg 300w, https:\/\/roche-blanche-ecole.fr\/wp-content\/uploads\/2022\/12\/IMG_20221208_135115-1024x768.jpg 1024w, https:\/\/roche-blanche-ecole.fr\/wp-content\/uploads\/2022\/12\/IMG_20221208_135115-768x576.jpg 768w, https:\/\/roche-blanche-ecole.fr\/wp-content\/uploads\/2022\/12\/IMG_20221208_135115-1536x1152.jpg 1536w, https:\/\/roche-blanche-ecole.fr\/wp-content\/uploads\/2022\/12\/IMG_20221208_135115-2048x1536.jpg 2048w\" sizes=\"(max-width: 300px) 100vw, 300px\" \/><\/a><\/p>\n","protected":false},"excerpt":{"rendered":"<p>La classe de CM1\/CM2 s&rsquo;est activ\u00e9e autour des saladiers pour vous concocter de d\u00e9licieux pains d&rsquo;\u00e9pices qui seront vendus lors du march\u00e9 de No\u00ebl. Ruez-vous dessus, il n&rsquo;y en aura pas pour tout la monde ! \ud83d\ude42<\/p>\n","protected":false},"author":10,"featured_media":7063,"comment_status":"closed","ping_status":"closed","sticky":false,"template":"","format":"standard","meta":{"ngg_post_thumbnail":0,"jetpack_post_was_ever_published":false,"_jetpack_newsletter_access":"","_jetpack_dont_email_post_to_subs":false,"_jetpack_newsletter_tier_id":0,"_jetpack_memberships_contains_paywalled_content":false,"footnotes":"","_jetpack_memberships_contains_paid_content":false,"jetpack_publicize_message":"","jetpack_publicize_feature_enabled":true,"jetpack_social_post_already_shared":true,"jetpack_social_options":{"image_generator_settings":{"template":"highway","enabled":false},"version":2}},"categories":[10,11,7,6,5],"tags":[],"jetpack_publicize_connections":[],"jetpack_featured_media_url":"https:\/\/roche-blanche-ecole.fr\/wp-content\/uploads\/2022\/12\/IMG_20221208_135112-1-scaled.jpg","jetpack_sharing_enabled":true,"jetpack_shortlink":"https:\/\/wp.me\/p9Fz6b-1PL","_links":{"self":[{"href":"https:\/\/roche-blanche-ecole.fr\/index.php?rest_route=\/wp\/v2\/posts\/7053"}],"collection":[{"href":"https:\/\/roche-blanche-ecole.fr\/index.php?rest_route=\/wp\/v2\/posts"}],"about":[{"href":"https:\/\/roche-blanche-ecole.fr\/index.php?rest_route=\/wp\/v2\/types\/post"}],"author":[{"embeddable":true,"href":"https:\/\/roche-blanche-ecole.fr\/index.php?rest_route=\/wp\/v2\/users\/10"}],"replies":[{"embeddable":true,"href":"https:\/\/roche-blanche-ecole.fr\/index.php?rest_route=%2Fwp%2Fv2%2Fcomments&post=7053"}],"version-history":[{"count":1,"href":"https:\/\/roche-blanche-ecole.fr\/index.php?rest_route=\/wp\/v2\/posts\/7053\/revisions"}],"predecessor-version":[{"id":7064,"href":"https:\/\/roche-blanche-ecole.fr\/index.php?rest_route=\/wp\/v2\/posts\/7053\/revisions\/7064"}],"wp:featuredmedia":[{"embeddable":true,"href":"https:\/\/roche-blanche-ecole.fr\/index.php?rest_route=\/wp\/v2\/media\/7063"}],"wp:attachment":[{"href":"https:\/\/roche-blanche-ecole.fr\/index.php?rest_route=%2Fwp%2Fv2%2Fmedia&parent=7053"}],"wp:term":[{"taxonomy":"category","embeddable":true,"href":"https:\/\/roche-blanche-ecole.fr\/index.php?rest_route=%2Fwp%2Fv2%2Fcategories&post=7053"},{"taxonomy":"post_tag","embeddable":true,"href":"https:\/\/roche-blanche-ecole.fr\/index.php?rest_route=%2Fwp%2Fv2%2Ftags&post=7053"}],"curies":[{"name":"wp","href":"https:\/\/api.w.org\/{rel}","templated":true}]}}