{"id":649,"date":"2015-12-18T16:29:27","date_gmt":"2015-12-18T15:29:27","guid":{"rendered":"https:\/\/roche-blanche-ecole.fr\/?p=649"},"modified":"2015-12-18T16:44:35","modified_gmt":"2015-12-18T15:44:35","slug":"celebration-de-noel-a-leglise","status":"publish","type":"post","link":"https:\/\/roche-blanche-ecole.fr\/?p=649","title":{"rendered":"C\u00e9l\u00e9bration de No\u00ebl \u00e0 l&rsquo;\u00e9glise"},"content":{"rendered":"<p><a href=\"https:\/\/roche-blanche-ecole.fr\/wp-content\/uploads\/2015\/12\/DSC_0139-1.jpg\" rel=\"attachment wp-att-630\"><img loading=\"lazy\" decoding=\"async\" class=\"alignnone size-medium wp-image-630\" src=\"https:\/\/roche-blanche-ecole.fr\/wp-content\/uploads\/2015\/12\/DSC_0139-1-300x201.jpg\" alt=\"DSC_0139\" width=\"300\" height=\"201\" srcset=\"https:\/\/roche-blanche-ecole.fr\/wp-content\/uploads\/2015\/12\/DSC_0139-1-300x201.jpg 300w, https:\/\/roche-blanche-ecole.fr\/wp-content\/uploads\/2015\/12\/DSC_0139-1-768x516.jpg 768w, https:\/\/roche-blanche-ecole.fr\/wp-content\/uploads\/2015\/12\/DSC_0139-1-1024x688.jpg 1024w, https:\/\/roche-blanche-ecole.fr\/wp-content\/uploads\/2015\/12\/DSC_0139-1-960x640.jpg 960w, https:\/\/roche-blanche-ecole.fr\/wp-content\/uploads\/2015\/12\/DSC_0139-1-480x320.jpg 480w, https:\/\/roche-blanche-ecole.fr\/wp-content\/uploads\/2015\/12\/DSC_0139-1-320x213.jpg 320w, https:\/\/roche-blanche-ecole.fr\/wp-content\/uploads\/2015\/12\/DSC_0139-1-240x160.jpg 240w, https:\/\/roche-blanche-ecole.fr\/wp-content\/uploads\/2015\/12\/DSC_0139-1.jpg 2048w\" sizes=\"(max-width: 300px) 100vw, 300px\" \/><\/a><\/p>\n<p>Les petits de Marie et de Val\u00e9rie ont fait des photophores qui vont illuminer la cr\u00e8che. Ces photophores seront ensuite donn\u00e9s \u00e0 des personnes seules ou malades. Elsa<\/p>\n<p><a href=\"https:\/\/roche-blanche-ecole.fr\/wp-content\/uploads\/2015\/12\/DSC_0146-1.jpg\" rel=\"attachment wp-att-637\"><img loading=\"lazy\" decoding=\"async\" class=\"alignnone size-medium wp-image-637\" src=\"https:\/\/roche-blanche-ecole.fr\/wp-content\/uploads\/2015\/12\/DSC_0146-1-300x201.jpg\" alt=\"DSC_0146\" width=\"300\" height=\"201\" srcset=\"https:\/\/roche-blanche-ecole.fr\/wp-content\/uploads\/2015\/12\/DSC_0146-1-300x201.jpg 300w, https:\/\/roche-blanche-ecole.fr\/wp-content\/uploads\/2015\/12\/DSC_0146-1-768x516.jpg 768w, https:\/\/roche-blanche-ecole.fr\/wp-content\/uploads\/2015\/12\/DSC_0146-1-1024x688.jpg 1024w, https:\/\/roche-blanche-ecole.fr\/wp-content\/uploads\/2015\/12\/DSC_0146-1-960x640.jpg 960w, https:\/\/roche-blanche-ecole.fr\/wp-content\/uploads\/2015\/12\/DSC_0146-1-480x320.jpg 480w, https:\/\/roche-blanche-ecole.fr\/wp-content\/uploads\/2015\/12\/DSC_0146-1-320x213.jpg 320w, https:\/\/roche-blanche-ecole.fr\/wp-content\/uploads\/2015\/12\/DSC_0146-1-240x160.jpg 240w, https:\/\/roche-blanche-ecole.fr\/wp-content\/uploads\/2015\/12\/DSC_0146-1.jpg 2048w\" sizes=\"(max-width: 300px) 100vw, 300px\" \/><\/a><\/p>\n<p>Nous sommes a l&rsquo;\u00e9glise,sur la photo ont voit:Th\u00e9o, Th\u00e9o et Ylan.Il y a aussi Renaud. Lilouenn<\/p>\n<p><a href=\"https:\/\/roche-blanche-ecole.fr\/wp-content\/uploads\/2015\/12\/DSC_0149-1.jpg\" rel=\"attachment wp-att-640\"><img loading=\"lazy\" decoding=\"async\" class=\"alignnone size-medium wp-image-640\" src=\"https:\/\/roche-blanche-ecole.fr\/wp-content\/uploads\/2015\/12\/DSC_0149-1-300x201.jpg\" alt=\"DSC_0149\" width=\"300\" height=\"201\" srcset=\"https:\/\/roche-blanche-ecole.fr\/wp-content\/uploads\/2015\/12\/DSC_0149-1-300x201.jpg 300w, https:\/\/roche-blanche-ecole.fr\/wp-content\/uploads\/2015\/12\/DSC_0149-1-768x516.jpg 768w, https:\/\/roche-blanche-ecole.fr\/wp-content\/uploads\/2015\/12\/DSC_0149-1-1024x688.jpg 1024w, https:\/\/roche-blanche-ecole.fr\/wp-content\/uploads\/2015\/12\/DSC_0149-1-960x640.jpg 960w, https:\/\/roche-blanche-ecole.fr\/wp-content\/uploads\/2015\/12\/DSC_0149-1-480x320.jpg 480w, https:\/\/roche-blanche-ecole.fr\/wp-content\/uploads\/2015\/12\/DSC_0149-1-320x213.jpg 320w, https:\/\/roche-blanche-ecole.fr\/wp-content\/uploads\/2015\/12\/DSC_0149-1-240x160.jpg 240w, https:\/\/roche-blanche-ecole.fr\/wp-content\/uploads\/2015\/12\/DSC_0149-1.jpg 2048w\" sizes=\"(max-width: 300px) 100vw, 300px\" \/><\/a><\/p>\n<p>Les CM1 et CM2 sont en train de chanter avec leur cahier de po\u00e9sie. Ils ont chant\u00e9 <em>le divin enfant<\/em> et<em> je pense \u00e0 No\u00ebl.<\/em><\/p>\n","protected":false},"excerpt":{"rendered":"<p>Les petits de Marie et de Val\u00e9rie ont fait des photophores qui vont illuminer la cr\u00e8che. Ces photophores seront ensuite donn\u00e9s \u00e0 des personnes seules ou malades. Elsa Nous sommes a l&rsquo;\u00e9glise,sur la photo ont voit:Th\u00e9o, Th\u00e9o et Ylan.Il y a aussi Renaud. Lilouenn Les CM1 et CM2 sont en train de chanter avec leur<\/p>\n<p><a href=\"https:\/\/roche-blanche-ecole.fr\/?p=649\" class=\"more-link themebutton\">Read More<\/a><\/p>\n","protected":false},"author":9,"featured_media":0,"comment_status":"closed","ping_status":"closed","sticky":false,"template":"","format":"standard","meta":{"ngg_post_thumbnail":0,"jetpack_post_was_ever_published":false,"_jetpack_newsletter_access":"","_jetpack_dont_email_post_to_subs":false,"_jetpack_newsletter_tier_id":0,"_jetpack_memberships_contains_paywalled_content":false,"footnotes":"","_jetpack_memberships_contains_paid_content":false,"jetpack_publicize_message":"","jetpack_publicize_feature_enabled":true,"jetpack_social_post_already_shared":false,"jetpack_social_options":{"image_generator_settings":{"template":"highway","enabled":false},"version":2}},"categories":[10,1],"tags":[],"jetpack_publicize_connections":[],"jetpack_featured_media_url":"","jetpack_sharing_enabled":true,"jetpack_shortlink":"https:\/\/wp.me\/p9Fz6b-at","_links":{"self":[{"href":"https:\/\/roche-blanche-ecole.fr\/index.php?rest_route=\/wp\/v2\/posts\/649"}],"collection":[{"href":"https:\/\/roche-blanche-ecole.fr\/index.php?rest_route=\/wp\/v2\/posts"}],"about":[{"href":"https:\/\/roche-blanche-ecole.fr\/index.php?rest_route=\/wp\/v2\/types\/post"}],"author":[{"embeddable":true,"href":"https:\/\/roche-blanche-ecole.fr\/index.php?rest_route=\/wp\/v2\/users\/9"}],"replies":[{"embeddable":true,"href":"https:\/\/roche-blanche-ecole.fr\/index.php?rest_route=%2Fwp%2Fv2%2Fcomments&post=649"}],"version-history":[{"count":0,"href":"https:\/\/roche-blanche-ecole.fr\/index.php?rest_route=\/wp\/v2\/posts\/649\/revisions"}],"wp:attachment":[{"href":"https:\/\/roche-blanche-ecole.fr\/index.php?rest_route=%2Fwp%2Fv2%2Fmedia&parent=649"}],"wp:term":[{"taxonomy":"category","embeddable":true,"href":"https:\/\/roche-blanche-ecole.fr\/index.php?rest_route=%2Fwp%2Fv2%2Fcategories&post=649"},{"taxonomy":"post_tag","embeddable":true,"href":"https:\/\/roche-blanche-ecole.fr\/index.php?rest_route=%2Fwp%2Fv2%2Ftags&post=649"}],"curies":[{"name":"wp","href":"https:\/\/api.w.org\/{rel}","templated":true}]}}