{"id":5740,"date":"2020-09-16T10:26:30","date_gmt":"2020-09-16T09:26:30","guid":{"rendered":"https:\/\/roche-blanche-ecole.fr\/?p=5740"},"modified":"2020-09-16T10:26:30","modified_gmt":"2020-09-16T09:26:30","slug":"une-nouvelle-annee-scolaire-avec-nelly-et-cesar","status":"publish","type":"post","link":"https:\/\/roche-blanche-ecole.fr\/?p=5740","title":{"rendered":"Une nouvelle ann\u00e9e scolaire avec Nelly et C\u00e9sar!"},"content":{"rendered":"<p>Nous d\u00e9marrons cette nouvelle ann\u00e9e scolaire avec deux nouvelles mascottes dans notre classe de TPS\/PS\/MS!<\/p>\n<p>Il s&rsquo;agit de Nelly (la souris) et de C\u00e9sar (la grenouille)!<\/p>\n<p><a href=\"https:\/\/roche-blanche-ecole.fr\/wp-content\/uploads\/2020\/09\/20200915_145747.jpg\"><img loading=\"lazy\" decoding=\"async\" class=\"alignnone size-medium wp-image-5741\" src=\"https:\/\/roche-blanche-ecole.fr\/wp-content\/uploads\/2020\/09\/20200915_145747-300x180.jpg\" alt=\"\" width=\"300\" height=\"180\" srcset=\"https:\/\/roche-blanche-ecole.fr\/wp-content\/uploads\/2020\/09\/20200915_145747-300x180.jpg 300w, https:\/\/roche-blanche-ecole.fr\/wp-content\/uploads\/2020\/09\/20200915_145747-1024x614.jpg 1024w, https:\/\/roche-blanche-ecole.fr\/wp-content\/uploads\/2020\/09\/20200915_145747-768x461.jpg 768w, https:\/\/roche-blanche-ecole.fr\/wp-content\/uploads\/2020\/09\/20200915_145747-1536x922.jpg 1536w, https:\/\/roche-blanche-ecole.fr\/wp-content\/uploads\/2020\/09\/20200915_145747.jpg 1920w\" sizes=\"(max-width: 300px) 100vw, 300px\" \/><\/a><\/p>\n<p>Nous avons d\u00e9cor\u00e9 ces mascottes avec du playma\u00efs:<\/p>\n<p><a href=\"https:\/\/roche-blanche-ecole.fr\/wp-content\/uploads\/2020\/09\/20200915_145722.jpg\"><img loading=\"lazy\" decoding=\"async\" class=\"alignnone size-medium wp-image-5742\" src=\"https:\/\/roche-blanche-ecole.fr\/wp-content\/uploads\/2020\/09\/20200915_145722-300x180.jpg\" alt=\"\" width=\"300\" height=\"180\" srcset=\"https:\/\/roche-blanche-ecole.fr\/wp-content\/uploads\/2020\/09\/20200915_145722-300x180.jpg 300w, https:\/\/roche-blanche-ecole.fr\/wp-content\/uploads\/2020\/09\/20200915_145722-1024x614.jpg 1024w, https:\/\/roche-blanche-ecole.fr\/wp-content\/uploads\/2020\/09\/20200915_145722-768x461.jpg 768w, https:\/\/roche-blanche-ecole.fr\/wp-content\/uploads\/2020\/09\/20200915_145722-1536x922.jpg 1536w, https:\/\/roche-blanche-ecole.fr\/wp-content\/uploads\/2020\/09\/20200915_145722.jpg 1920w\" sizes=\"(max-width: 300px) 100vw, 300px\" \/><\/a><\/p>\n<p>Les MS ont aussi d\u00e9cor\u00e9 les lettres de leur pr\u00e9nom avec diff\u00e9rents mat\u00e9riaux: confettis, paillettes, \u00e9pluchures de crayons!<\/p>\n<p><a href=\"https:\/\/roche-blanche-ecole.fr\/wp-content\/uploads\/2020\/09\/20200915_151519.jpg\"><img loading=\"lazy\" decoding=\"async\" class=\"alignnone size-medium wp-image-5743\" src=\"https:\/\/roche-blanche-ecole.fr\/wp-content\/uploads\/2020\/09\/20200915_151519-180x300.jpg\" alt=\"\" width=\"180\" height=\"300\" srcset=\"https:\/\/roche-blanche-ecole.fr\/wp-content\/uploads\/2020\/09\/20200915_151519-180x300.jpg 180w, https:\/\/roche-blanche-ecole.fr\/wp-content\/uploads\/2020\/09\/20200915_151519-614x1024.jpg 614w, https:\/\/roche-blanche-ecole.fr\/wp-content\/uploads\/2020\/09\/20200915_151519-768x1280.jpg 768w, https:\/\/roche-blanche-ecole.fr\/wp-content\/uploads\/2020\/09\/20200915_151519-922x1536.jpg 922w, https:\/\/roche-blanche-ecole.fr\/wp-content\/uploads\/2020\/09\/20200915_151519.jpg 1152w\" sizes=\"(max-width: 180px) 100vw, 180px\" \/><\/a><\/p>\n<p>Bonne rentr\u00e9e \u00e0 tous!<\/p>\n<p>&nbsp;<\/p>\n","protected":false},"excerpt":{"rendered":"<p>Nous d\u00e9marrons cette nouvelle ann\u00e9e scolaire avec deux nouvelles mascottes dans notre classe de TPS\/PS\/MS! Il s&rsquo;agit de Nelly (la souris) et de C\u00e9sar (la grenouille)! Nous avons d\u00e9cor\u00e9 ces mascottes avec du playma\u00efs: Les MS ont aussi d\u00e9cor\u00e9 les lettres de leur pr\u00e9nom avec diff\u00e9rents mat\u00e9riaux: confettis, paillettes, \u00e9pluchures de crayons! Bonne rentr\u00e9e \u00e0<\/p>\n<p><a href=\"https:\/\/roche-blanche-ecole.fr\/?p=5740\" class=\"more-link themebutton\">Read More<\/a><\/p>\n","protected":false},"author":3,"featured_media":0,"comment_status":"closed","ping_status":"closed","sticky":false,"template":"","format":"standard","meta":{"ngg_post_thumbnail":0,"jetpack_post_was_ever_published":false,"_jetpack_newsletter_access":"","_jetpack_dont_email_post_to_subs":false,"_jetpack_newsletter_tier_id":0,"_jetpack_memberships_contains_paywalled_content":false,"footnotes":"","_jetpack_memberships_contains_paid_content":false,"jetpack_publicize_message":"","jetpack_publicize_feature_enabled":true,"jetpack_social_post_already_shared":true,"jetpack_social_options":{"image_generator_settings":{"template":"highway","enabled":false},"version":2}},"categories":[5],"tags":[],"jetpack_publicize_connections":[],"jetpack_featured_media_url":"","jetpack_sharing_enabled":true,"jetpack_shortlink":"https:\/\/wp.me\/p9Fz6b-1uA","_links":{"self":[{"href":"https:\/\/roche-blanche-ecole.fr\/index.php?rest_route=\/wp\/v2\/posts\/5740"}],"collection":[{"href":"https:\/\/roche-blanche-ecole.fr\/index.php?rest_route=\/wp\/v2\/posts"}],"about":[{"href":"https:\/\/roche-blanche-ecole.fr\/index.php?rest_route=\/wp\/v2\/types\/post"}],"author":[{"embeddable":true,"href":"https:\/\/roche-blanche-ecole.fr\/index.php?rest_route=\/wp\/v2\/users\/3"}],"replies":[{"embeddable":true,"href":"https:\/\/roche-blanche-ecole.fr\/index.php?rest_route=%2Fwp%2Fv2%2Fcomments&post=5740"}],"version-history":[{"count":1,"href":"https:\/\/roche-blanche-ecole.fr\/index.php?rest_route=\/wp\/v2\/posts\/5740\/revisions"}],"predecessor-version":[{"id":5744,"href":"https:\/\/roche-blanche-ecole.fr\/index.php?rest_route=\/wp\/v2\/posts\/5740\/revisions\/5744"}],"wp:attachment":[{"href":"https:\/\/roche-blanche-ecole.fr\/index.php?rest_route=%2Fwp%2Fv2%2Fmedia&parent=5740"}],"wp:term":[{"taxonomy":"category","embeddable":true,"href":"https:\/\/roche-blanche-ecole.fr\/index.php?rest_route=%2Fwp%2Fv2%2Fcategories&post=5740"},{"taxonomy":"post_tag","embeddable":true,"href":"https:\/\/roche-blanche-ecole.fr\/index.php?rest_route=%2Fwp%2Fv2%2Ftags&post=5740"}],"curies":[{"name":"wp","href":"https:\/\/api.w.org\/{rel}","templated":true}]}}